{"id":14210,"date":"2023-03-24T14:36:31","date_gmt":"2023-03-24T14:36:31","guid":{"rendered":"https:\/\/www.congoresearchgroup.org\/?p=14210"},"modified":"2023-03-24T14:36:32","modified_gmt":"2023-03-24T14:36:32","slug":"le-deploiement-du-contingent-angolais-relevera-t-il-le-defi-du-desarmement-du-m23","status":"publish","type":"post","link":"https:\/\/www.congoresearchgroup.org\/en\/2023\/03\/24\/le-deploiement-du-contingent-angolais-relevera-t-il-le-defi-du-desarmement-du-m23\/","title":{"rendered":"Le d\u00e9ploiement du contingent angolais rel\u00e8vera-t-il le d\u00e9fi du d\u00e9sarmement du M23 ?"},"content":{"rendered":"\n<p class=\"is-core-paragraph-block has-space-small-mb\" style=\"margin-top:0px;margin-bottom:30px;padding-top:0px;padding-bottom:0px\">Le 17 mars, <a href=\"https:\/\/www.jeuneafrique.com\/1428804\/politique\/le-parlement-angolais-a-vote-lenvoi-de-500-soldats-en-rdc\/\"><strong>le parlement angolais a autoris&eacute; le d&eacute;ploiement<\/strong><\/a> d&rsquo;un contingent de 500 militaires au Nord-Kivu, province en proie &agrave; de violents conflits opposant les Forces arm&eacute;es de la RDC et le Mouvement du 23 mars (M23) soutenu par le Rwanda. Cette province accueille d&eacute;j&agrave; les troupes burundaises et k&eacute;nyanes de la Force r&eacute;gionale de la Communaut&eacute; Est-Africaine (EACRF), en plus des contingents ougandais et sud-soudanais attendus. Cette d&eacute;cision consacre une &eacute;volution dans le r&ocirc;le jou&eacute; par l&rsquo;Angola dont le pr&eacute;sident, Joao Louren&ccedil;o, assume la mission de m&eacute;diation dans la crise du M23, mission qui lui a &eacute;t&eacute; confi&eacute;e l&rsquo;ann&eacute;e derni&egrave;re par l&rsquo;Union africaine.<\/p>\n\n\n\n<p class=\"is-core-paragraph-block has-space-small-mb\" style=\"margin-top:0px;margin-bottom:30px;padding-top:0px;padding-bottom:0px\">Cette initiative pourrait-elle changer la donne s&eacute;curitaire sur un terrain&nbsp;o&ugrave; s&rsquo;enlise la force r&eacute;gionale de la Communaut&eacute; d&rsquo;Afrique de l&rsquo;est (EAC) ?&nbsp;<\/p>\n\n\n\n<p class=\"is-core-paragraph-block has-space-small-mb\" style=\"margin-top:0px;margin-bottom:30px;padding-top:0px;padding-bottom:0px\">Bonjour et bienvenue dans ce 11e &eacute;pisode de la saison&nbsp;3 de <strong><a href=\"https:\/\/soundcloud.com\/gec-crg\" target=\"_blank\" rel=\"noreferrer noopener\">Po Na GEC<\/a><\/strong>, capsule audio du <strong><a href=\"https:\/\/www.congoresearchgroup.org\" target=\"_blank\" rel=\"noreferrer noopener\">Groupe d&rsquo;&eacute;tude sur le Congo<\/a><\/strong>, un centre de recherche de l&rsquo;Universit&eacute; de New-York, et d&rsquo;<strong><a href=\"https:\/\/twitter.com\/ebuteli\" target=\"_blank\" rel=\"noreferrer noopener\">Ebuteli<\/a><\/strong>, son partenaire de recherche en RDC, qui tente d&rsquo;&eacute;clairer l&rsquo;actualit&eacute; en RDC. Je suis <a href=\"https:\/\/twitter.com\/AdolpheAgenonga\" target=\"_blank\" rel=\"noreferrer noopener\"><strong>Agenonga Chober<\/strong><\/a>, chercheur principal pour les U&eacute;l&eacute; &agrave; Ebuteli.&nbsp;<\/p>\n\n\n\n<p class=\"is-core-paragraph-block has-space-small-mb\" style=\"margin-top:0px;margin-bottom:30px;padding-top:0px;padding-bottom:0px\">Nous sommes le vendredi 24 mars 2023.&nbsp;<\/p>\n\n\n\n<iframe name=\"Ausha Podcast Player\" frameborder=\"0\" loading=\"lazy\" id=\"ausha-gOOM\" height=\"220\" style=\"border: none; width:100%; height:220px\" src=\"https:\/\/player.ausha.co\/index.html?showId=odAgzhKEZv0X&amp;display=horizontal&amp;color=%23de8d33&amp;podcastId=y8Wmlhp8ZWaa&amp;v=3&amp;playerId=ausha-gOOM\"><\/iframe><script src=\"https:\/\/player.ausha.co\/ausha-player.js\"><\/script>\n\n\n\n<p class=\"is-core-paragraph-block has-space-small-mb\" style=\"margin-top:0px;margin-bottom:30px;padding-top:0px;padding-bottom:0px\">Depuis avril 2022, la gestion politique et militaire de la crise s&eacute;curitaire li&eacute;e &agrave; la r&eacute;surgence du M23 et &agrave; l&rsquo;activisme des groupes arm&eacute;s actifs &agrave; l&rsquo;Est de la RDC a &eacute;t&eacute; assur&eacute;e par l&rsquo;EAC.<\/p>\n\n\n\n<p class=\"is-core-paragraph-block has-space-small-mb\" style=\"margin-top:0px;margin-bottom:30px;padding-top:0px;padding-bottom:0px\">Parall&egrave;lement au processus men&eacute; par cette organisation r&eacute;gionale, l&rsquo;UA a d&eacute;sign&eacute; le pr&eacute;sident Joao Louren&ccedil;o comme m&eacute;diateur r&eacute;gional de la crise du M23. Bien que des accords de paix aient &eacute;t&eacute; sign&eacute;s sous sa m&eacute;diation, ils n&rsquo;ont presque pas connu un d&eacute;but d&rsquo;application.<\/p>\n\n\n\n<p class=\"is-core-paragraph-block has-space-small-mb\" style=\"margin-top:0px;margin-bottom:30px;padding-top:0px;padding-bottom:0px\">&Agrave; titre d&rsquo;exemple, <a href=\"https:\/\/www.rfi.fr\/fr\/afrique\/20221124-conflit-%C3%A0-l-est-de-la-rdc-le-m23-rejette-la-feuille-de-route-du-sommet-de-luanda\"><strong>la feuille de route de Luanda du 23 novembre 2022<\/strong><\/a> que d&rsquo;aucuns consid&egrave;rent comme un plan de paix pour l&rsquo;Est du pays, n&rsquo;a pas &eacute;t&eacute; respect&eacute;e par le M23. Ce document pr&eacute;voyait&nbsp; un cessez-le-feu d&egrave;s le 25 novembre 2022 &nbsp;; &nbsp; le retrait du M23 vers sa position initiale du mont Sabinyo &agrave; partir du 27 novembre ;&nbsp;et la reddition des armes et le cantonnement de tous les groupes arm&eacute;s y compris le M23, le 30 novembre.<\/p>\n\n\n\n<p class=\"is-core-paragraph-block has-space-small-mb\" style=\"margin-top:0px;margin-bottom:30px;padding-top:0px;padding-bottom:0px\">&Agrave; l&rsquo;instar d&rsquo;autres r&eacute;solutions des chefs d&rsquo;Etat de la r&eacute;gion, cette feuille de route n&rsquo;a pas &eacute;t&eacute; respect&eacute;e par le M23, et la force de l&rsquo;EAC cens&eacute;e veiller &agrave; sa mise en &oelig;uvre y a assist&eacute; impuissante.&nbsp;<\/p>\n\n\n\n<p class=\"is-core-paragraph-block has-space-small-mb\" style=\"margin-top:0px;margin-bottom:30px;padding-top:0px;padding-bottom:0px\">Le gouvernement congolais n&rsquo;a pas cach&eacute; son m&eacute;contentement &agrave; l&rsquo;&eacute;gard de l&rsquo;EAC et, le 18 janvier, les mouvements citoyens ont organis&eacute; une <a href=\"https:\/\/information.tv5monde.com\/afrique\/rd-congo-une-manifestation-goma-contre-la-force-est-africaine-violemment-reprimee-485562\"><strong>manifestation de col&egrave;re contre cette force r&eacute;gionale<\/strong><\/a> &agrave; Goma.&nbsp;<\/p>\n\n\n\n<p class=\"is-core-paragraph-block has-space-small-mb\" style=\"margin-top:0px;margin-bottom:30px;padding-top:0px;padding-bottom:0px\">Le 6 f&eacute;vrier, le pr&eacute;sident congolais, F&eacute;lix Tshisekedi a entam&eacute; une tourn&eacute;e aupr&egrave;s des pays membres de la SADC tels que <a href=\"https:\/\/actualite.cd\/2023\/02\/06\/rdc-felix-tshisekedi-attendu-luanda-ce-lundi\"><strong>l&rsquo;Angola et l&rsquo;Afrique du Sud<\/strong><\/a> comme pour trouver des alli&eacute;s alternatifs &agrave; l&rsquo;EAC et &agrave; son laxisme.<\/p>\n\n\n\n<p class=\"is-core-paragraph-block has-space-small-mb\" style=\"margin-top:0px;margin-bottom:30px;padding-top:0px;padding-bottom:0px\">Peut-on conclure que le pr&eacute;sident congolais aurait convaincu son homologue angolais de s&rsquo;impliquer militairement dans la r&eacute;solution de la crise du M23 ? Rien n&rsquo;est moins s&ucirc;r. Cependant, le fait pour Kinshasa d&rsquo;accepter le d&eacute;ploiement du contingent angolais sugg&egrave;re un arrangement diplomatique.&nbsp;<\/p>\n\n\n\n<p class=\"is-core-paragraph-block has-space-small-mb\" style=\"margin-top:0px;margin-bottom:30px;padding-top:0px;padding-bottom:0px\">Mais quel est l&rsquo;enjeu r&eacute;el de l&rsquo;implication militaire de l&rsquo;Angola dans la r&eacute;solution de la crise du M23 ? &Agrave; en croire le g&eacute;n&eacute;ral Francisco Furtado, ministre d&rsquo;&Eacute;tat et de la maison de s&eacute;curit&eacute; de l&rsquo;Angola, ce contingent aura pour mission &laquo;&nbsp;<a href=\"https:\/\/information.tv5monde.com\/afrique\/rdc-500-soldats-angolais-vont-etre-envoyes-dans-l-est-du-pays-492222\"><strong><em>uniquement de superviser le processus de dissolution, de d&eacute;sarmement et de r&eacute;int&eacute;gration des forces du M23<\/em><\/strong><\/a>&nbsp;<em>&raquo;<\/em> .<\/p>\n\n\n\n<p class=\"is-core-paragraph-block has-space-small-mb\" style=\"margin-top:0px;margin-bottom:30px;padding-top:0px;padding-bottom:0px\">Est-il possible de dissoudre un mouvement militaire comme le M23 sans un mandat offensif ? La convergence des discours des gouvernements de Luanda et Kinshasa semble confirmer l&rsquo;hypoth&egrave;se d&rsquo;un pas vers une alliance. En t&eacute;moigne le point de presse du 13 mars tenu par Christophe Lutundula, le chef de la diplomatie congolaise, lors duquel il indiquait que la mission du contingent angolais &eacute;tait &laquo;<em>&nbsp;<\/em><a href=\"https:\/\/www.radiookapi.net\/2023\/03\/14\/actualite\/securite\/guerre-dans-lest-de-la-rdc-les-militaires-angolais-auront-uniquement\"><strong><em>de v&eacute;rifier si le M23 respecte le principe de cantonnement s&eacute;curis&eacute; tel que d&eacute;cid&eacute; par le mini-sommet d&rsquo;Addis-Abeba<\/em><\/strong><\/a>&nbsp;&raquo;.<\/p>\n\n\n\n<p class=\"is-core-paragraph-block has-space-small-mb\" style=\"margin-top:0px;margin-bottom:30px;padding-top:0px;padding-bottom:0px\">Sans une capacit&eacute; coercitive, l&rsquo;intervention militaire angolaise risque toutefois de ne pas changer grand-chose sur le terrain. Il s&rsquo;agirait par contre d&rsquo;une superposition de forces sur celles de l&rsquo;EAC qui ont d&eacute;j&agrave; montr&eacute; leurs faiblesses devant les cam&eacute;ras du monde entier. Il faudrait clairement choisir entre la puissance de feu contre le M23 ou un dialogue politique direct entre ce mouvement et Kinshasa pour sortir de cette zone de turbulences.<\/p>\n\n\n\n<p class=\"is-core-paragraph-block has-space-small-mb\" style=\"margin-top:0px;margin-bottom:30px;padding-top:0px;padding-bottom:0px\">Vous pouvez rejoindre notre fil WhatsApp en envoyant &laquo;&nbsp;<strong>GEC<\/strong>&nbsp;&raquo; ou &laquo;&nbsp;<strong>Ebuteli<\/strong>&nbsp;&raquo; au <strong>+243&nbsp;894&nbsp;110&nbsp;542<\/strong> chaque vendredi sur votre t&eacute;l&eacute;phone. &Agrave; bient&ocirc;t&nbsp;!<\/p>\n\n","protected":false},"excerpt":{"rendered":"<p>Le 17 mars, le parlement angolais a autoris&eacute; le d&eacute;ploiement d&rsquo;un contingent de 500 militaires au Nord-Kivu, province en proie &agrave; de violents conflits opposant les Forces arm&eacute;es de la&#8230;<\/p>\n","protected":false},"author":13,"featured_media":14213,"comment_status":"closed","ping_status":"closed","sticky":false,"template":"","format":"standard","meta":{"om_disable_all_campaigns":false,"_monsterinsights_skip_tracking":false,"_monsterinsights_sitenote_active":false,"_monsterinsights_sitenote_note":"","_monsterinsights_sitenote_category":0,"_uf_show_specific_survey":0,"_uf_disable_surveys":false,"footnotes":""},"categories":[312,27],"tags":[415,187,18,356,315],"acf":[],"aioseo_notices":[],"_links":{"self":[{"href":"https:\/\/www.congoresearchgroup.org\/en\/wp-json\/wp\/v2\/posts\/14210"}],"collection":[{"href":"https:\/\/www.congoresearchgroup.org\/en\/wp-json\/wp\/v2\/posts"}],"about":[{"href":"https:\/\/www.congoresearchgroup.org\/en\/wp-json\/wp\/v2\/types\/post"}],"author":[{"embeddable":true,"href":"https:\/\/www.congoresearchgroup.org\/en\/wp-json\/wp\/v2\/users\/13"}],"replies":[{"embeddable":true,"href":"https:\/\/www.congoresearchgroup.org\/en\/wp-json\/wp\/v2\/comments?post=14210"}],"version-history":[{"count":0,"href":"https:\/\/www.congoresearchgroup.org\/en\/wp-json\/wp\/v2\/posts\/14210\/revisions"}],"wp:featuredmedia":[{"embeddable":true,"href":"https:\/\/www.congoresearchgroup.org\/en\/wp-json\/wp\/v2\/media\/14213"}],"wp:attachment":[{"href":"https:\/\/www.congoresearchgroup.org\/en\/wp-json\/wp\/v2\/media?parent=14210"}],"wp:term":[{"taxonomy":"category","embeddable":true,"href":"https:\/\/www.congoresearchgroup.org\/en\/wp-json\/wp\/v2\/categories?post=14210"},{"taxonomy":"post_tag","embeddable":true,"href":"https:\/\/www.congoresearchgroup.org\/en\/wp-json\/wp\/v2\/tags?post=14210"}],"curies":[{"name":"wp","href":"https:\/\/api.w.org\/{rel}","templated":true}]}}