{"id":13121,"date":"2022-05-05T13:54:03","date_gmt":"2022-05-05T13:54:03","guid":{"rendered":"https:\/\/www.congoresearchgroup.org\/?p=13121"},"modified":"2022-06-20T17:39:57","modified_gmt":"2022-06-20T17:39:57","slug":"en-un-an-detat-de-siege-le-niveau-de-violence-a-augmente-au-nord-kivu-et-en-ituri%ef%bf%bc","status":"publish","type":"post","link":"https:\/\/www.congoresearchgroup.org\/fr\/2022\/05\/05\/en-un-an-detat-de-siege-le-niveau-de-violence-a-augmente-au-nord-kivu-et-en-ituri%ef%bf%bc\/","title":{"rendered":"En un an d\u2019\u00e9tat de si\u00e8ge, le niveau de violence a augment\u00e9 au Nord-Kivu et en Ituri\ufffc"},"content":{"rendered":"\n<p class=\"is-core-paragraph-block has-space-small-mb\" style=\"margin-top:0px;margin-bottom:30px;padding-top:0px;padding-bottom:0px\"><strong>Le niveau de violence contre les civils a continu&eacute; d&rsquo;augmenter dans les provinces du Nord-Kivu et de l&rsquo;Ituri depuis un an, en d&eacute;pit de&nbsp;l&rsquo;&eacute;tat de si&egrave;ge. &nbsp;Au moins 2563 civils ont &eacute;t&eacute; tu&eacute;s par les acteurs arm&eacute;s. Contrairement aux objectifs poursuivis, cette mesure semble avoir contribu&eacute; &agrave; renforcer la d&eacute;fiance entre les autorit&eacute;s et les habitants des provinces concern&eacute;es.<\/strong><\/p>\n\n\n\n<p class=\"is-core-paragraph-block has-space-small-mb\" style=\"margin-top:0px;margin-bottom:30px;padding-top:0px;padding-bottom:0px\">Apr&egrave;s plus de 25 ans de conflits dans l&rsquo;est de la RDC, l&rsquo;instauration de l&rsquo;&eacute;tat de si&egrave;ge&nbsp;par le pr&eacute;sident F&eacute;lix Tshisekedi dans les provinces de l&rsquo;Ituri et du Nord-Kivu, le 6 mai dernier, avait suscit&eacute; un espoir.&nbsp;<\/p>\n\n\n\n<p class=\"is-core-paragraph-block has-space-small-mb\" style=\"margin-top:0px;margin-bottom:30px;padding-top:0px;padding-bottom:0px\">Un an plus tard, le bilan est n&eacute;gatif. Le niveau de violence est rest&eacute; particuli&egrave;rement &eacute;lev&eacute;&nbsp;: plus de 2 500 civils ont &eacute;t&eacute; tu&eacute;s dans ces deux provinces depuis son instauration. Plus inqui&eacute;tant encore&nbsp;: la tendance a &eacute;t&eacute; globalement &agrave; la hausse au cours de cette p&eacute;riode, passant de 563 civils tu&eacute;s lors du troisi&egrave;me trimestre de 2021, &agrave; 886 lors du premier trimestre de 2022.<\/p>\n\n\n\n<figure class=\"wp-block-image size-full is-core-image-block\" style=\"margin-top:0px;margin-bottom:0px;padding-top:0px;padding-bottom:0px\"><img decoding=\"async\" src=\"data:image\/gif;base64,R0lGODlhAQABAAAAACH5BAEKAAEALAAAAAABAAEAAAICTAEAOw==\" alt=\"\" class=\"wp-image-13101 lazyload is-lazyload u-img-fluid blurs-media-img\" data-src=\"https:\/\/www.congoresearchgroup.org\/wp-content\/uploads\/2022\/05\/par-d&eacute;faut-2022-05-02-&agrave;-11.51.53.png\" data-srcset=\"https:\/\/www.congoresearchgroup.org\/wp-content\/uploads\/2022\/05\/par-d&eacute;faut-2022-05-02-&agrave;-11.51.53.png\"><figcaption><em>Nombre de civils tu&eacute;s par trimestre pour les provinces du Nord-Kivu et de l&rsquo;Ituri entre le 1<sup>er<\/sup> juillet 2021 et le 31 mars 2022. Le 2<sup>e<\/sup> trimestre de 2021 et 2022 ont &eacute;t&eacute; exclus de l&rsquo;analyse car non enti&egrave;rement couverts par l&rsquo;&eacute;tat de si&egrave;ge, instaur&eacute; en cours de trimestre, ou non termin&eacute;s.<\/em><br><\/figcaption><\/figure>\n\n\n\n<p class=\"is-core-paragraph-block has-space-small-mb\" style=\"margin-top:0px;margin-bottom:30px;padding-top:0px;padding-bottom:0px\">Trois territoires ont concentr&eacute; l&rsquo;essentiel de la violence contre les civils, avec la perte de plus de 600 civils chacuns&nbsp;: ceux d&rsquo;Irumu et de Beni, o&ugrave; op&egrave;rent les Forces d&eacute;mocratiques alli&eacute;es (ADF) qui demeure de loin l&rsquo;acteur arm&eacute; le plus meurtrier, et celui de Djugu, dans la province de l&rsquo;Ituri, o&ugrave; op&egrave;rent les milices Codeco.<\/p>\n\n\n\n<p class=\"is-core-paragraph-block has-space-small-mb\" style=\"margin-top:0px;margin-bottom:30px;padding-top:0px;padding-bottom:0px\">En d&eacute;pit des efforts du gouvernement pour justifier cette mesure, sa popularit&eacute; a consid&eacute;rablement chut&eacute; depuis son adoption&nbsp;: si 53% des Congolais pensaient que cette mesure allait conduire &agrave; l&rsquo;&eacute;radication totale des groupes arm&eacute;s dans l&rsquo;Est de la RDC en septembre 2021, au vu du bilan, ils n&rsquo;&eacute;taient plus que 36% &agrave; le penser en d&eacute;cembre<sup> (<\/sup> Voir <a href=\"https:\/\/www.congoresearchgroup.org\/wp-content\/uploads\/2022\/03\/rapport-sondage-gec-ebuteli-berci-an-3-de-Tshisekedi-la-fin-de-l-embellie.pdf\">le rapport sondage de BERCI et&nbsp; GEC&nbsp;: l&rsquo;an 3 de Tshisekedi La fin de l&rsquo;embellie ?<\/a>).<\/p>\n\n\n\n<p class=\"is-core-paragraph-block has-space-small-mb\" style=\"margin-top:0px;margin-bottom:30px;padding-top:0px;padding-bottom:0px\">Ce d&eacute;samour s&rsquo;est &eacute;galement traduit sur la sc&egrave;ne politique&nbsp;: depuis le mois de novembre 2021, les d&eacute;put&eacute;s nationaux des provinces du Nord-Kivu et de l&rsquo;Ituri ont cess&eacute; de prendre part au renouvellement de la mesure, qui doit avoir lieu toutes les deux semaines, et r&eacute;clament un plan de sortie de l&rsquo;&eacute;tat de si&egrave;ge. <a href=\"https:\/\/www.voaafrique.com\/a\/etat-de-si%C3%A8ge-les-%C3%A9lus-de-l-ituri-et-du-nord-kivu-en-col%C3%A8re\/6538901.html\"><em>&laquo;&nbsp;Les &eacute;lus du Nord-Kivu et de l&rsquo;Ituri ne si&eacute;geront que lorsque l&rsquo;&eacute;tat de si&egrave;ge sera lev&eacute;&nbsp;&raquo;<\/em>, a ainsi d&eacute;clar&eacute; Tembos Yotama, d&eacute;put&eacute; de la ville de Butembo, dans le Nord-Kivu, le 21 avril 2022<\/a>.<\/p>\n\n\n\n<p class=\"is-core-paragraph-block has-space-small-mb\" style=\"margin-top:0px;margin-bottom:30px;padding-top:0px;padding-bottom:0px\">Comment expliquer cet &eacute;chec&nbsp;? Une partie de l&rsquo;explication tient &agrave; la mise en &oelig;uvre de cette mesure. Des faiblesses ont &eacute;t&eacute; identifi&eacute;es d&egrave;s l&rsquo;origine, ou tr&egrave;s rapidement apr&egrave;s son entr&eacute;e en vigueur, sans pour autant avoir &eacute;t&eacute; corrig&eacute;es.<\/p>\n\n\n\n<p class=\"is-core-paragraph-block has-space-small-mb\" style=\"margin-top:0px;margin-bottom:30px;padding-top:0px;padding-bottom:0px\">D&egrave;s septembre 2021, un rapport parlementaire d&rsquo;&eacute;valuation de l&rsquo;&eacute;tat de si&egrave;ge, alertait d&eacute;j&agrave; sur le fait que cette mesure, &laquo; n&rsquo;a pas &eacute;t&eacute; sous-tendue par une planification d&rsquo;actions strat&eacute;giques&nbsp;&raquo;. &laquo;&nbsp;Elle l&rsquo;a &eacute;t&eacute;<a href=\"https:\/\/talatala.cd\/eclairage\/28\/\"> sans un montage financier cons&eacute;quent et coh&eacute;rent<\/a>, sans d&eacute;finition d&rsquo;objectifs militaires et sans un chronogramme d&rsquo;actions strat&eacute;giques&nbsp;&raquo; notaient encore les rapporteurs.<\/p>\n\n\n\n<h3 class=\"is-core-heading-block wp-block-heading\" style=\"margin-top:5px;margin-bottom:10px;padding-top:0px;padding-bottom:0px\"><strong>Des tribunaux d&eacute;bord&eacute;s<\/strong><\/h3>\n\n\n\n<p class=\"is-core-paragraph-block has-space-small-mb\" style=\"margin-top:0px;margin-bottom:30px;padding-top:0px;padding-bottom:0px\">L&rsquo;absence de cadre juridique &agrave; l&rsquo;&eacute;tat de si&egrave;ge s&rsquo;est notamment fait cruellement ressentir. La ministre de la Justice et Garde des sceaux a ainsi reconnu devant la commission parlementaire que les ordonnances pr&eacute;sidentielles et actes minist&eacute;riels n&rsquo;ont pas &eacute;t&eacute; suffisants pour compenser l&rsquo;absence d&rsquo;une loi organique d&rsquo;application de l&rsquo;&eacute;tat de si&egrave;ge, absence toujours constat&eacute;e &agrave; ce jour.<\/p>\n\n\n\n<p class=\"is-core-paragraph-block has-space-small-mb\" style=\"margin-top:0px;margin-bottom:30px;padding-top:0px;padding-bottom:0px\">La reprise des dossiers p&eacute;naux de droit commun par la justice militaire a men&eacute; &agrave; des abus d&eacute;nonc&eacute;s par les justiciables et la soci&eacute;t&eacute; civile. Au-del&agrave; des dur&eacute;es allong&eacute;es et de la surpopulation carc&eacute;rale &agrave; cause du nombre insuffisant des magistrats militaires, l&rsquo;instrumentalisation de la justice est d&eacute;nonc&eacute;e par les &eacute;lus, activistes ou simples citoyens arr&ecirc;t&eacute;s pour leurs opinions jug&eacute;es oppos&eacute;es &agrave; l&rsquo;&eacute;tat de si&egrave;ge.&nbsp;<\/p>\n\n\n\n<p class=\"is-core-paragraph-block has-space-small-mb\" style=\"margin-top:0px;margin-bottom:30px;padding-top:0px;padding-bottom:0px\">Malgr&eacute; l&rsquo;identification de cette faiblesse, il aura fallu attendre <a href=\"https:\/\/twitter.com\/PierreBoisselet\/status\/1507283610440810504\/photo\/1\">le 28 mars 2022, soit pr&egrave;s de neuf mois, pour que des comp&eacute;tences soient rendues aux juridictions civiles<\/a>. Mais ce correctif a &eacute;t&eacute; tr&egrave;s partiel puisque les juridictions militaires ont conserv&eacute; une comp&eacute;tence exclusive pour les cas les plus graves (homicides, enl&egrave;vements, vols avec effractions, associations de malfaiteurs, etc).&nbsp;<\/p>\n\n\n\n<p class=\"is-core-paragraph-block has-space-small-mb\" style=\"margin-top:0px;margin-bottom:30px;padding-top:0px;padding-bottom:0px\">La d&eacute;fiance entre militaires et civils (l&rsquo;une des causes profondes du conflit), qui s&rsquo;accusent mutuellement d&rsquo;&ecirc;tre de m&egrave;che avec les forces n&eacute;gatives, s&rsquo;en est trouv&eacute;e exacerb&eacute;e.<\/p>\n\n\n\n<h3 class=\"is-core-heading-block wp-block-heading\" style=\"margin-top:5px;margin-bottom:10px;padding-top:0px;padding-bottom:0px\"><strong>Un manque de redevabilit&eacute; et de financement<\/strong><\/h3>\n\n\n\n<p class=\"is-core-paragraph-block has-space-small-mb\" style=\"margin-top:0px;margin-bottom:30px;padding-top:0px;padding-bottom:0px\">La suspension des Assembl&eacute;es provinciales dans le cadre de l&rsquo;&eacute;tat de si&egrave;ge a &eacute;galement accentu&eacute; le manque de redevabilit&eacute; des nouveaux gouverneurs, dont les actions&nbsp; n&rsquo;&eacute;taient plus soumises &agrave; un contr&ocirc;le politique&nbsp; (ils sont nomm&eacute;s et relev&eacute;s de leurs fonctions par le seul chef de l&rsquo;Etat).&nbsp;<\/p>\n\n\n\n<p class=\"is-core-paragraph-block has-space-small-mb\" style=\"margin-top:0px;margin-bottom:30px;padding-top:0px;padding-bottom:0px\">Les mouvements citoyens avaient fustig&eacute; la d&eacute;cision de nommer exclusivement des militaires ou des policiers &agrave; la t&ecirc;te des provinces, villes et territoires concern&eacute;s, notamment parce qu&rsquo;ils ne disposaient pas de comp&eacute;tences techniques et politiques n&eacute;cessaires &agrave; leurs nouvelles fonctions. Cela semble se v&eacute;rifier dans une certaine mesure, avec, par exemple, la destitution du policier nomm&eacute; administrateur du territoire de Lubero pour incomp&eacute;tence apr&egrave;s qu&rsquo;il ait proc&eacute;d&eacute; &agrave; l&rsquo;installation ill&eacute;gale d&rsquo;un chef coutumier.<\/p>\n\n\n\n<p class=\"is-core-paragraph-block has-space-small-mb\" style=\"margin-top:0px;margin-bottom:30px;padding-top:0px;padding-bottom:0px\">Certains projets en cours g&eacute;r&eacute;s au niveau des minist&egrave;res provinciaux et ceux men&eacute;s notamment avec des acteurs internationaux comme le projet de la<a href=\"https:\/\/www.congoresearchgroup.org\/fr\/2021\/07\/22\/etat-de-siege-ou-dysfonctionnement-de-letat-au-nord-kivu\/?searched=Conflit%20violent\"> Soci&eacute;t&eacute; provinciale d&rsquo;eau et d&rsquo;&eacute;lectricit&eacute; du Nord-Kivu (SPEENK)<\/a> en partenariat avec la <a href=\"https:\/\/virunga.org\/fr\/alliance\/\">Fondation Virunga<\/a> ont &eacute;t&eacute; interrompu &agrave; l&rsquo;entr&eacute;e en vigueur de l&rsquo;&eacute;tat de si&egrave;ge.&nbsp;<\/p>\n\n\n\n<p class=\"is-core-paragraph-block has-space-small-mb\" style=\"margin-top:0px;margin-bottom:30px;padding-top:0px;padding-bottom:0px\">La mesure n&rsquo;a par ailleurs pas &eacute;t&eacute; accompagn&eacute;e d&rsquo;efforts financiers substantiels. Alors que le minist&egrave;re de la D&eacute;fense avait initialement r&eacute;clam&eacute; une enveloppe de 595 millions de dollars pour les d&eacute;penses li&eacute;es &agrave; l&rsquo;&eacute;tat de si&egrave;ge, seuls 38 millions de dollars ont &eacute;t&eacute; d&eacute;caiss&eacute;s dans un premier temps, selon le rapport de la commission de D&eacute;fense et s&eacute;curit&eacute; de l&rsquo;Assembl&eacute;e nationale, finalis&eacute; en septembre 2021.<\/p>\n\n\n\n<p class=\"is-core-paragraph-block has-space-small-mb\" style=\"margin-top:0px;margin-bottom:30px;padding-top:0px;padding-bottom:0px\">Ce rapport faisait &eacute;galement mention de malversations qui concernent aussi bien les zones op&eacute;rationnelles et la hi&eacute;rarchie militaire &agrave; Kinshasa. La d&eacute;l&eacute;gation de l&rsquo;inspection g&eacute;n&eacute;rale des FARDC avait aussi confirm&eacute; des d&eacute;tournements et <a href=\"https:\/\/www.radiookapi.net\/2022\/04\/20\/actualite\/justice\/ituri-3-officiers-condamnes-2-ans-de-prison-pour-detournement-de-fonds\">certains officiers ont m&ecirc;me &eacute;t&eacute; condamn&eacute;s pour cela<\/a>.&nbsp;<\/p>\n\n\n\n<p class=\"is-core-paragraph-block has-space-small-mb\" style=\"margin-top:0px;margin-bottom:30px;padding-top:0px;padding-bottom:0px\">Ceci pourrait avoir incit&eacute; les animateurs de l&rsquo;&eacute;tat de si&egrave;ge &agrave; mettre en place de nouvelles taxes sur les habitants de ces provinces, selon une tradition ancr&eacute;e au sein de l&rsquo;administration congolaise, mais qui a pu contribuer &agrave; accentuer encore la d&eacute;fiance entre les habitants et les autorit&eacute;s.<\/p>\n\n\n\n<p class=\"is-core-paragraph-block has-space-small-mb\" style=\"margin-top:0px;margin-bottom:30px;padding-top:0px;padding-bottom:0px\">La ma&icirc;trise des effectifs a &eacute;t&eacute; relev&eacute;e comme un d&eacute;fi dans diff&eacute;rents rapports gouvernementaux. Le minist&egrave;re du budget avance un chiffre de 197 380 militaires dont 30 811 inactifs. Pourtant, le minist&egrave;re de la D&eacute;fense estime l&rsquo;arm&eacute;e nationale &agrave; un peu moins de 100 000 militaires, dont la moiti&eacute; seraient pr&eacute;sents au Nord-Kivu et en Ituri (34 000 au Nord-Kivu et 15 000 en Ituri). Or, selon le minist&egrave;re de la D&eacute;fense lui-m&ecirc;me et plusieurs sources diplomatiques, ces chiffres sont eux-m&ecirc;mes falsifi&eacute;s, notamment parce que les morts ne sont pas toujours d&eacute;clar&eacute;s, afin que les soldes puissent continuer d&rsquo;&ecirc;tre per&ccedil;ues.<\/p>\n\n\n\n<h3 class=\"is-core-heading-block wp-block-heading\" style=\"margin-top:5px;margin-bottom:10px;padding-top:0px;padding-bottom:0px\"><strong>Un d&eacute;faut de strat&eacute;gie<\/strong><\/h3>\n\n\n\n<p class=\"is-core-paragraph-block has-space-small-mb\" style=\"margin-top:0px;margin-bottom:30px;padding-top:0px;padding-bottom:0px\">Enfin, cette mesure n&rsquo;a pas &eacute;t&eacute; encadr&eacute;e par une strat&eacute;gie globale et coh&eacute;rente. L&rsquo;&eacute;tat de si&egrave;ge a notamment &eacute;t&eacute; proclam&eacute; sans concertation avec la Mission de l&rsquo;ONU en RDC (Monusco) et avant l&rsquo;instauration du <a href=\"https:\/\/blog.kivusecurity.org\/fr\/le-nouveau-programme-de-desarmement-et-demobilisation-peut-il-reussir\/\">Programme de d&eacute;mobilisation, d&eacute;sarmement r&eacute;insertion communautaire et stabilisation (P-DDRCS)<\/a> qui n&rsquo;est toujours pas effectif &agrave; ce jour.<\/p>\n\n\n\n<p class=\"is-core-paragraph-block has-space-small-mb\" style=\"margin-top:0px;margin-bottom:30px;padding-top:0px;padding-bottom:0px\">Faute de cela, elle a essentiellement consist&eacute; en un transfert de pouvoir &agrave; des autorit&eacute;s militaires ou polici&egrave;res &agrave; qui des pouvoirs exceptionnels ont &eacute;t&eacute; attribu&eacute;s, comme l&rsquo;interdiction de certaines publications ou r&eacute;unions, ou d&rsquo;emp&ecirc;cher le s&eacute;jour de certaines personnes.&nbsp;<\/p>\n\n\n\n<p class=\"is-core-paragraph-block has-space-small-mb\" style=\"margin-top:0px;margin-bottom:30px;padding-top:0px;padding-bottom:0px\">Cons&eacute;quence&nbsp;: le style et les priorit&eacute;s des gouverneurs des deux provinces ont &eacute;t&eacute; assez diff&eacute;rentes. Dans le &laquo;&nbsp;petit Nord&nbsp;&raquo; du Nord-Kivu, par exemple, le gouvernorat a initi&eacute; des discussions avec plusieurs groupes arm&eacute;s, dans un premier temps, ce qui a abouti, pendant quelques mois, &agrave; une relative baisse de la violence et certaines redditions. Mais faute de capacit&eacute;s d&rsquo;accueil des combattants d&eacute;mobilis&eacute;s, ces avanc&eacute;es ont &eacute;t&eacute; de courte dur&eacute;e.<\/p>\n\n\n\n<p class=\"is-core-paragraph-block has-space-small-mb\" style=\"margin-top:0px;margin-bottom:30px;padding-top:0px;padding-bottom:0px\">En Ituri, &agrave; l&rsquo;inverse, une strat&eacute;gie du tout r&eacute;pressif a &eacute;t&eacute; adopt&eacute;e pour faire face aux milices Codeco dans un premier temps. Si l&rsquo;effet d&rsquo;annonce a dans un premier temps contribu&eacute; &agrave; dissuader certains des miliciens, cette strat&eacute;gie, coupl&eacute;e <a href=\"https:\/\/blog.kivusecurity.org\/fr\/en-ituri-les-fardc-ne-parviennent-pas-a-distinguer-les-miliciens-codeco-des-civils\/\">aux difficult&eacute;s qu&rsquo;&eacute;prouvent les FARDC &agrave; distinguer les miliciens Codeco des civils de la communaut&eacute; Lendu<\/a> (dont la plupart sont issus) a contribu&eacute; &agrave; une escalade du conflit.<\/p>\n\n\n\n<h3 class=\"is-core-heading-block wp-block-heading\" style=\"margin-top:5px;margin-bottom:10px;padding-top:0px;padding-bottom:0px\"><strong>Le tout militaire en question&nbsp;<\/strong><\/h3>\n\n\n\n<p class=\"is-core-paragraph-block has-space-small-mb\" style=\"margin-top:0px;margin-bottom:30px;padding-top:0px;padding-bottom:0px\">Au-del&agrave; de l&rsquo;impr&eacute;paration et des difficult&eacute;s de mise en &oelig;uvre rencontr&eacute;es, cet &eacute;chec interroge sur l&rsquo;approche m&ecirc;me du gouvernement de Kinshasa vis-&agrave;-vis du conflit dans la partie Est du pays.<\/p>\n\n\n\n<p class=\"is-core-paragraph-block has-space-small-mb\" style=\"margin-top:0px;margin-bottom:30px;padding-top:0px;padding-bottom:0px\">Alors que les multiples d&eacute;faillances de l&rsquo;appareil s&eacute;curitaire congolaise (manque d&rsquo;effectifs qualifi&eacute;s, d&rsquo;&eacute;quipement, d&eacute;tournements, pr&eacute;dation des civils&hellip;) sont l&rsquo;une des causes profondes du conflit, le gouvernement a d&eacute;cid&eacute; de s&rsquo;appuyer sur les FARDC, au risque de renforcer leurs travers, plut&ocirc;t que de prioriser leurs r&eacute;formes.<\/p>\n\n\n\n<p class=\"is-core-paragraph-block has-space-small-mb\" style=\"margin-top:0px;margin-bottom:30px;padding-top:0px;padding-bottom:0px\">L&rsquo;id&eacute;e sous-jacente que l&rsquo;ins&eacute;curit&eacute; dans l&rsquo;Est de la RDC peut &ecirc;tre r&eacute;gl&eacute;e par des mesures exclusivement militaires semble perdurer et pr&eacute;sente un risque d&rsquo;escalade.&nbsp;<\/p>\n\n\n\n<p class=\"is-core-paragraph-block has-space-small-mb\" style=\"margin-top:0px;margin-bottom:30px;padding-top:0px;padding-bottom:0px\">Ainsi, face &agrave; l&rsquo;&eacute;chec de l&rsquo;&eacute;tat de si&egrave;ge &agrave; r&eacute;duire la capacit&eacute; de nuisance des ADF, le pr&eacute;sident congolais a autoris&eacute; l&rsquo;arm&eacute;e ougandaise &agrave; op&eacute;rer sur son territoire &agrave; compter de novembre 2021.&nbsp;<\/p>\n\n\n\n<p class=\"is-core-paragraph-block has-space-small-mb\" style=\"margin-top:0px;margin-bottom:30px;padding-top:0px;padding-bottom:0px\">Or cette intervention n&rsquo;a pas davantage permis de d&eacute;manteler ce groupe. Sa zone d&rsquo;op&eacute;ration a eu tendance &agrave; s&rsquo;&eacute;largir vers le Nord-Ouest, en direction du territoire de Mambasa, et des parties du territoire de Beni qui avaient &eacute;t&eacute; relativement &eacute;pargn&eacute;es ces derni&egrave;res ann&eacute;es, notamment sur l&rsquo;axe Mbau-Kamango, ont &agrave; nouveau &eacute;t&eacute; touch&eacute;es par des violences.&nbsp;<\/p>\n\n\n\n<p class=\"is-core-paragraph-block has-space-small-mb\" style=\"margin-top:0px;margin-bottom:30px;padding-top:0px;padding-bottom:0px\">L&rsquo;un de ces incidents a &eacute;t&eacute; particuli&egrave;rement meurtrier. Il s&rsquo;agit du massacre du 4 avril &agrave; Masambo o&ugrave; plus de 40 civils ont &eacute;t&eacute; tu&eacute;s, ceci &agrave; moins de 10 kilom&egrave;tres de l&rsquo;Ouganda dans le rayon des op&eacute;rations ougandaises. Les op&eacute;rations des UPDF ont sembl&eacute; &ecirc;tre suspendues entre janvier et le 18 avril, date &agrave; laquelle <a href=\"https:\/\/www.radiookapi.net\/2022\/04\/19\/actualite\/securite\/ituri-lupdf-et-les-fardc-bombardent-les-positions-des-adf-mont-oyo\">les frappes a&eacute;riennes des UPDF et FARDC ont repris<\/a> en visant les ADF vers le Mont Oyo en Ituri.<\/p>\n\n\n\n<p class=\"is-core-paragraph-block has-space-small-mb\" style=\"margin-top:0px;margin-bottom:30px;padding-top:0px;padding-bottom:0px\">Compte tenu de la rivalit&eacute; entre l&rsquo;Ouganda et le Rwanda pour l&rsquo;influence dans l&rsquo;Est de la RDC, cette intervention pourrait aussi avoir contribu&eacute; &agrave; la nette reprise de l&rsquo;activisme du Mouvement du 23 mars (M23). Ce groupe, qui dispose des r&eacute;seaux de soutien, au moins politiques, au Rwanda, a connu un net regain de ses activit&eacute;s &agrave; partir de novembre 2021 dans le territoire de Rutshuru, dans une zone frontali&egrave;re entre le Rwanda, l&rsquo;Ouganda et la RDC, o&ugrave; l&rsquo;Ouganda pr&eacute;voyait d&rsquo;effectuer des travaux d&rsquo;infrastructures.<\/p>\n\n\n\n<p class=\"is-core-paragraph-block has-space-small-mb\" style=\"margin-top:0px;margin-bottom:30px;padding-top:0px;padding-bottom:0px\">Si les relations entre le Rwanda et l&rsquo;Ouganda se sont nettement am&eacute;lior&eacute;es depuis, les FARDC n&rsquo;ont pas &eacute;t&eacute; en mesure de d&eacute;faire le M23 lequel constitue d&eacute;sormais &agrave; nouveau une menace s&eacute;rieuse, en d&eacute;pit de l&rsquo;&eacute;tat de si&egrave;ge.<\/p>\n\n\n\n<p class=\"is-core-paragraph-block has-space-small-mb\" style=\"margin-top:0px;margin-bottom:30px;padding-top:0px;padding-bottom:0px\">C&rsquo;est en partie pour faire face &agrave; ce nouveau d&eacute;fi que la constitution d&rsquo;une &laquo;&nbsp;force r&eacute;gionale&nbsp;&raquo; a &eacute;t&eacute; annonc&eacute;e lors du <a href=\"https:\/\/www.aa.com.tr\/fr\/afrique\/est-de-la-rdc-cr%C3%A9ation-dune-force-r%C3%A9gionale-pour-combattre-les-forces-n%C3%A9gatives-\/2569814\">sommet du 21 avril<\/a> &agrave; Nairobi. Si peu de d&eacute;tails ont filtr&eacute;, et que sa constitution m&ecirc;me semble incertaine, cette annonce, qui pr&eacute;sente &eacute;galement des risques, sugg&egrave;re qu&rsquo;un an apr&egrave;s l&rsquo;&eacute;tat de si&egrave;ge, la militarisation croissante du conflit est toujours &agrave; l&rsquo;ordre du jour.&nbsp;<\/p>\n\n\n\n<p class=\"has-normal-font-size is-core-paragraph-block has-space-small-mb\" style=\"margin-top:0px;margin-bottom:30px;padding-top:0px;padding-bottom:0px\">Par <strong>Reagan Miviri<\/strong>, analyste &agrave; <a href=\"https:\/\/ebuteli.org\" target=\"_blank\" rel=\"noreferrer noopener\">Ebuteli<\/a>, et <strong><a rel=\"noreferrer noopener\" href=\"https:\/\/twitter.com\/PierreBoisselet\" target=\"_blank\">Pierre Boisselet<\/a><\/strong>, directeur du pilier violence, avec les contributions des projets &laquo;&nbsp;<a href=\"https:\/\/kivusecurity.org\/\" target=\"_blank\" rel=\"noreferrer noopener\">Barom&egrave;tre s&eacute;curitaire du Kivu<\/a>&nbsp;&raquo; et &laquo;&nbsp;<a href=\"https:\/\/talatala.cd\/\" target=\"_blank\" rel=\"noreferrer noopener\">Talatala<\/a>&nbsp;&raquo;.<\/p>\n\n","protected":false},"excerpt":{"rendered":"<p>En un an d&rsquo;&eacute;tat de si&egrave;ge, le niveau de violence a augment&#038;eacute au Nord-Kivu et en Ituri<\/p>\n","protected":false},"author":9,"featured_media":13125,"comment_status":"closed","ping_status":"closed","sticky":true,"template":"","format":"standard","meta":{"om_disable_all_campaigns":false,"_monsterinsights_skip_tracking":false,"_monsterinsights_sitenote_active":false,"_monsterinsights_sitenote_note":"","_monsterinsights_sitenote_category":0,"_uf_show_specific_survey":0,"_uf_disable_surveys":false,"footnotes":""},"categories":[124],"tags":[261,57,262,263],"acf":[],"aioseo_notices":[],"_links":{"self":[{"href":"https:\/\/www.congoresearchgroup.org\/fr\/wp-json\/wp\/v2\/posts\/13121"}],"collection":[{"href":"https:\/\/www.congoresearchgroup.org\/fr\/wp-json\/wp\/v2\/posts"}],"about":[{"href":"https:\/\/www.congoresearchgroup.org\/fr\/wp-json\/wp\/v2\/types\/post"}],"author":[{"embeddable":true,"href":"https:\/\/www.congoresearchgroup.org\/fr\/wp-json\/wp\/v2\/users\/9"}],"replies":[{"embeddable":true,"href":"https:\/\/www.congoresearchgroup.org\/fr\/wp-json\/wp\/v2\/comments?post=13121"}],"version-history":[{"count":0,"href":"https:\/\/www.congoresearchgroup.org\/fr\/wp-json\/wp\/v2\/posts\/13121\/revisions"}],"wp:featuredmedia":[{"embeddable":true,"href":"https:\/\/www.congoresearchgroup.org\/fr\/wp-json\/wp\/v2\/media\/13125"}],"wp:attachment":[{"href":"https:\/\/www.congoresearchgroup.org\/fr\/wp-json\/wp\/v2\/media?parent=13121"}],"wp:term":[{"taxonomy":"category","embeddable":true,"href":"https:\/\/www.congoresearchgroup.org\/fr\/wp-json\/wp\/v2\/categories?post=13121"},{"taxonomy":"post_tag","embeddable":true,"href":"https:\/\/www.congoresearchgroup.org\/fr\/wp-json\/wp\/v2\/tags?post=13121"}],"curies":[{"name":"wp","href":"https:\/\/api.w.org\/{rel}","templated":true}]}}