{"id":13520,"date":"2022-08-19T18:38:17","date_gmt":"2022-08-19T18:38:17","guid":{"rendered":"https:\/\/www.congoresearchgroup.org\/?p=13520"},"modified":"2022-08-19T18:38:20","modified_gmt":"2022-08-19T18:38:20","slug":"quel-avenir-pour-la-liberte-dexpression-en-rdc-face-a-la-repression-des-offenses-envers-les-autorites","status":"publish","type":"post","link":"https:\/\/www.congoresearchgroup.org\/fr\/2022\/08\/19\/quel-avenir-pour-la-liberte-dexpression-en-rdc-face-a-la-repression-des-offenses-envers-les-autorites\/","title":{"rendered":"Quel avenir pour la libert\u00e9 d\u2019expression en RDC face \u00e0 la r\u00e9pression des offenses envers les autorit\u00e9s ?"},"content":{"rendered":"\n<p class=\"is-core-paragraph-block has-space-small-mb\" style=\"margin-top:0px;margin-bottom:30px;padding-top:0px;padding-bottom:0px\">Le 14 ao&ucirc;t, F&eacute;lix Tshisekedi fait une <a href=\"https:\/\/twitter.com\/stanysbujakera\/status\/1558935984334675969?s=21&amp;t=E5HgYge732zuhX8lPpxHZg\"><strong>d&eacute;claration <\/strong><\/a>assez inhabituelle lors de son s&eacute;jour au Tchad devant la communaut&eacute; congolaise. Le pr&eacute;sident de la R&eacute;publique s&rsquo;est dit n&rsquo;avoir &laquo; aucun probl&egrave;me avec la critique du r&eacute;gime &raquo;, mais n&rsquo;accepterait pas le mensonge. Et ceux qui auront &agrave; le traiter de &laquo; voleur &raquo; doivent se &laquo; justifier devant les juges &raquo;. Toujours devant les Congolais vivant au Tchad, il a affirm&eacute; de se montrer &laquo; intol&eacute;rant envers ceux qui mettront en p&eacute;ril l&rsquo;unit&eacute; nationale &raquo; et que &laquo; les prisons seront remplies avec ces diff&eacute;rentes personnes &raquo;. Avec ces propos, doit-on s&rsquo;inqui&eacute;ter de nouveau sur l&rsquo;avenir de la libert&eacute; d&rsquo;expression en RDC ?&nbsp;<\/p>\n\n\n\n<p class=\"is-core-paragraph-block has-space-small-mb\" style=\"margin-top:0px;margin-bottom:30px;padding-top:0px;padding-bottom:0px\">Bonjour,&nbsp;&nbsp;<\/p>\n\n\n\n<p class=\"is-core-paragraph-block has-space-small-mb\" style=\"margin-top:0px;margin-bottom:30px;padding-top:0px;padding-bottom:0px\">Je m&rsquo;appelle <a href=\"https:\/\/twitter.com\/ange_makadi\"><strong>Ange Makadi Ngoy.<\/strong><\/a> Je suis chercheuse &agrave; <strong><a href=\"https:\/\/twitter.com\/home\" target=\"_blank\" rel=\"noreferrer noopener\">Ebuteli<\/a><\/strong>, partenaire de recherche du <strong>Groupe d&rsquo;&eacute;tude sur le Congo<\/strong> (GEC). Vous &eacute;coutez le 25e &eacute;pisode de la saison 2 de <a href=\"https:\/\/app.ausha.co\/app\/show\/41300\/episodes\" target=\"_blank\" rel=\"noreferrer noopener\"><strong>Po Na GEC<\/strong>,<\/a> capsule audio qui donne notre point de vue sur une question d&rsquo;actualit&eacute; en RDC. Nous sommes le vendredi 19 ao&ucirc;t 2022.<\/p>\n\n\n\n<iframe frameborder=\"0\" loading=\"lazy\" id=\"ausha-wVlf\" height=\"220\" style=\"border: none; width:100%; height:220px\" src=\"https:\/\/player.ausha.co\/index.html?podcastId=omNj5tDOnzkL&amp;playlist=false&amp;color=%23de8d33&amp;v=3&amp;playerId=ausha-wVlf\"><\/iframe><script src=\"https:\/\/player.ausha.co\/ausha-player.js\"><\/script>\n\n\n\n<p class=\"is-core-paragraph-block has-space-small-mb\" style=\"margin-top:0px;margin-bottom:30px;padding-top:0px;padding-bottom:0px\">Revenons en arri&egrave;re. Le 8 ao&ucirc;t, Marie Masemi, militante de l&rsquo;Ecid&eacute;, parti de l&rsquo;opposition, est rel&acirc;ch&eacute;e apr&egrave;s trois jours d&rsquo;arrestation pour des soup&ccedil;ons de diffamation &agrave; l&rsquo;&eacute;gard de l&rsquo;&eacute;pouse du chef de l&rsquo;&Eacute;tat. Quelques jours plus tard, c&rsquo;est le tour de Jean-Marc Kabund, ancien pr&eacute;sident <em>ad interim<\/em> de l&rsquo;UDPS, qui a bascul&eacute; dans l&rsquo;opposition contre le pouvoir en place, d&rsquo;&ecirc;tre arr&ecirc;t&eacute; pour avoir tenu des propos &laquo; injurieux, diffamatoires et outrageants &agrave; l&rsquo;endroit du chef de l&rsquo;&Eacute;tat &raquo;. Fin juillet, Jimmy Kitenge, secr&eacute;taire national du PPRD, &eacute;tait, lui, &laquo; enlev&eacute; &raquo; et &laquo; d&eacute;tenu &raquo;, selon sa famille politique, &agrave; l&rsquo;Agence nationale de renseignement (ANR) pour avoir &eacute;galement &laquo; critiqu&eacute; F&eacute;lix Tshisekedi et outrag&eacute; le Parlement &raquo;.&nbsp;<\/p>\n\n\n\n<p class=\"is-core-paragraph-block has-space-small-mb\" style=\"margin-top:0px;margin-bottom:30px;padding-top:0px;padding-bottom:0px\">&Agrave; seize mois des &eacute;lections de 2023, ces arrestations sont-elles des signes inqui&eacute;tants montrant non seulement la fragilit&eacute; de la d&eacute;mocratie, mais aussi le r&eacute;tr&eacute;cissement progressif de l&rsquo;espace des libert&eacute;s publiques au Congo ? Ou est-ce que ce sont des mesures n&eacute;cessaires pour discipliner des acteurs politiques devenus trop tapageurs ?<\/p>\n\n\n\n<p class=\"is-core-paragraph-block has-space-small-mb\" style=\"margin-top:0px;margin-bottom:30px;padding-top:0px;padding-bottom:0px\">Les diff&eacute;rentes arrestations soul&egrave;vent la question particuli&egrave;re de l&rsquo;offense faite au chef de l&rsquo;&Eacute;tat, une infraction reprise dans l&rsquo;ordonnance-loi n&deg;300 de 1963 relative &agrave; la r&eacute;pression des offenses envers le pr&eacute;sident de la R&eacute;publique. Mais, ladite ordonnance-loi ne d&eacute;finit pas les actes constitutifs d&rsquo;offense envers le chef de l&rsquo;&Eacute;tat. Ainsi, il y a des risques &eacute;normes d&rsquo;instrumentalisation de cette infraction&nbsp; &agrave; des fins politiques, voire personnelles. Car, la d&eacute;finition de plusieurs de ses &eacute;l&eacute;ments constitutifs rel&egrave;ve de la souveraine appr&eacute;ciation du juge.&nbsp;<\/p>\n\n\n\n<p class=\"is-core-paragraph-block has-space-small-mb\" style=\"margin-top:0px;margin-bottom:30px;padding-top:0px;padding-bottom:0px\">L&rsquo;administration de Tshisekedi n&rsquo;est pas la seule &agrave; en tirer profit. Sous Joseph Kabila, en d&eacute;pit de sa tol&eacute;rance apparente &agrave; des nombreux &eacute;carts de langage, quelques d&eacute;put&eacute;s et leaders d&rsquo;opinion furent n&eacute;anmoins condamn&eacute;s pour cette infraction.&nbsp;&nbsp;<\/p>\n\n\n\n<p class=\"is-core-paragraph-block has-space-small-mb\" style=\"margin-top:0px;margin-bottom:30px;padding-top:0px;padding-bottom:0px\">En fait, &laquo; l&rsquo;infraction d&rsquo;offense au chef de l&rsquo;&Eacute;tat est une survivance du crime de l&egrave;se-majest&eacute;, selon lequel, &agrave; l&rsquo;antiquit&eacute;, la personne du roi &eacute;tait intouchable et inviolable &raquo;, comme le<strong> <a href=\"https:\/\/www.village-justice.com\/articles\/offense-chef-etat-crime-anachronique,24526.html\">rappelle si bien Me Olivier Diansonsa<\/a><\/strong>. Le maintien de cette infraction anachronique est aujourd&rsquo;hui injustifi&eacute;e en RDC. D&rsquo;autant qu&rsquo;elle met en p&eacute;ril la libert&eacute; d&rsquo;expression d&eacute;j&agrave; si fragile dans le pays. Il est en effet tr&egrave;s difficile de d&eacute;limiter son contour juridique.<\/p>\n\n\n\n<p class=\"is-core-paragraph-block has-space-small-mb\" style=\"margin-top:0px;margin-bottom:30px;padding-top:0px;padding-bottom:0px\">En tout cas, cette infraction voudrait prot&eacute;ger la personne du chef de l&rsquo;&Eacute;tat, sans faire la distinction entre sa vie priv&eacute;e et sa vie publique. Pourtant,&nbsp; &laquo; [&hellip;] toutes les personnalit&eacute;s publiques, y compris celles qui exercent des fonctions au plus haut niveau du pouvoir politique, comme les chefs d&rsquo;&Eacute;tat ou de gouvernement, sont l&eacute;gitimement expos&eacute;es &agrave; la critique et &agrave; l&rsquo;opposition politique &raquo;, selon une observation g&eacute;n&eacute;rale du Comit&eacute; des droits de l&rsquo;Homme de l&rsquo;ONU.&nbsp;<\/p>\n\n\n\n<p class=\"is-core-paragraph-block has-space-small-mb\" style=\"margin-top:0px;margin-bottom:30px;padding-top:0px;padding-bottom:0px\">Concernant des atteintes &agrave; leur vie priv&eacute;e, les autorit&eacute;s, comme tous les autres citoyens qui s&rsquo;estiment l&eacute;s&eacute;s, n&rsquo;ont qu&rsquo;&agrave; saisir la justice sur base des infractions de diffamation, d&rsquo;imputations dommageables ou d&rsquo;injures publiques. Pas besoin donc d&rsquo;une incrimination sp&eacute;cifique.&nbsp;<\/p>\n\n\n\n<p class=\"is-core-paragraph-block has-space-small-mb\" style=\"margin-top:0px;margin-bottom:30px;padding-top:0px;padding-bottom:0px\">D&rsquo;ici l&agrave;, n&rsquo;h&eacute;sitez pas &agrave; rejoindre notre fil WhatsApp en envoyant &laquo; GEC &raquo; ou &laquo; Ebuteli &raquo; au <strong>+243 894 110 542<\/strong> pour recevoir <strong><a href=\"https:\/\/app.ausha.co\/app\/show\/41300\/episodes\" target=\"_blank\" rel=\"noreferrer noopener\">Po Na GEC<\/a> <\/strong>chaque vendredi sur votre t&eacute;l&eacute;phone. &Agrave; bient&ocirc;t !<\/p>\n\n","protected":false},"excerpt":{"rendered":"<p>Le 14 ao&ucirc;t, F&eacute;lix Tshisekedi fait une d&eacute;claration assez inhabituelle lors de son s&eacute;jour au Tchad devant la communaut&eacute; congolaise. Le pr&eacute;sident de la R&eacute;publique s&rsquo;est dit n&rsquo;avoir &laquo; aucun&#8230;<\/p>\n","protected":false},"author":1,"featured_media":0,"comment_status":"closed","ping_status":"closed","sticky":false,"template":"","format":"standard","meta":{"om_disable_all_campaigns":false,"_monsterinsights_skip_tracking":false,"_monsterinsights_sitenote_active":false,"_monsterinsights_sitenote_note":"","_monsterinsights_sitenote_category":0,"_uf_show_specific_survey":0,"_uf_disable_surveys":false,"footnotes":""},"categories":[247,44],"tags":[129,132,73],"acf":[],"aioseo_notices":[],"_links":{"self":[{"href":"https:\/\/www.congoresearchgroup.org\/fr\/wp-json\/wp\/v2\/posts\/13520"}],"collection":[{"href":"https:\/\/www.congoresearchgroup.org\/fr\/wp-json\/wp\/v2\/posts"}],"about":[{"href":"https:\/\/www.congoresearchgroup.org\/fr\/wp-json\/wp\/v2\/types\/post"}],"author":[{"embeddable":true,"href":"https:\/\/www.congoresearchgroup.org\/fr\/wp-json\/wp\/v2\/users\/1"}],"replies":[{"embeddable":true,"href":"https:\/\/www.congoresearchgroup.org\/fr\/wp-json\/wp\/v2\/comments?post=13520"}],"version-history":[{"count":0,"href":"https:\/\/www.congoresearchgroup.org\/fr\/wp-json\/wp\/v2\/posts\/13520\/revisions"}],"wp:attachment":[{"href":"https:\/\/www.congoresearchgroup.org\/fr\/wp-json\/wp\/v2\/media?parent=13520"}],"wp:term":[{"taxonomy":"category","embeddable":true,"href":"https:\/\/www.congoresearchgroup.org\/fr\/wp-json\/wp\/v2\/categories?post=13520"},{"taxonomy":"post_tag","embeddable":true,"href":"https:\/\/www.congoresearchgroup.org\/fr\/wp-json\/wp\/v2\/tags?post=13520"}],"curies":[{"name":"wp","href":"https:\/\/api.w.org\/{rel}","templated":true}]}}