{"id":14061,"date":"2023-02-23T03:47:19","date_gmt":"2023-02-23T03:47:19","guid":{"rendered":"https:\/\/www.congoresearchgroup.org\/?p=14061"},"modified":"2023-02-24T09:58:12","modified_gmt":"2023-02-24T09:58:12","slug":"une-majorite-des-congolais-rejette-la-force-regionale-de-la-communaute-dafrique-de-lest","status":"publish","type":"post","link":"https:\/\/www.congoresearchgroup.org\/fr\/2023\/02\/23\/une-majorite-des-congolais-rejette-la-force-regionale-de-la-communaute-dafrique-de-lest\/","title":{"rendered":"Une majorit\u00e9 des Congolais rejettent la force r\u00e9gionale de la Communaut\u00e9 d\u2019Afrique de l\u2019Est"},"content":{"rendered":"\n<p class=\"is-core-paragraph-block has-space-small-mb\" style=\"margin-top:0px;margin-bottom:30px;padding-top:0px;padding-bottom:0px\">La force r&eacute;gionale de la Communaut&eacute; d&rsquo;Afrique de l&rsquo;Est (EAC) conna&icirc;t depuis plusieurs semaines une pression de la soci&eacute;t&eacute; civile en R&eacute;publique d&eacute;mocratique du Congo (RDC), qui la juge inefficace. D&eacute;ploy&eacute;e en RDC &agrave; partir d&rsquo;ao&ucirc;t 2022 pour traquer les groupes arm&eacute;s, dont le Mouvement du 23 mars (M23) qui ne cesse d&rsquo;&eacute;tendre sa zone d&rsquo;influence, la force r&eacute;gionale de l&rsquo;EAC est rejet&eacute;e par une majorit&eacute; de Congolais.&nbsp;<\/p>\n\n\n\n<p class=\"is-core-paragraph-block has-space-small-mb\" style=\"margin-top:0px;margin-bottom:30px;padding-top:0px;padding-bottom:0px\">C&rsquo;est le principal enseignement de la note th&eacute;matique intitul&eacute;e<strong> <em><a rel=\"noreferrer noopener\" href=\"https:\/\/www.congoresearchgroup.org\/wp-content\/uploads\/2023\/02\/sondage-deuxieme-note-thematique-ebuteli-gec-force-regionale-pdf.pdf\" target=\"_blank\">Une majorit&eacute; des Congolais rejettent la force r&eacute;gionale de la Communaut&eacute; d&rsquo;<\/a><\/em><\/strong><em><strong><a rel=\"noreferrer noopener\" href=\"https:\/\/www.congoresearchgroup.org\/wp-content\/uploads\/2023\/02\/sondage-deuxieme-note-thematique-ebuteli-gec-force-regionale-pdf.pdf\" target=\"_blank\">Afrique de l&rsquo;Est<\/a>,<\/strong> <\/em>publi&eacute;e ce jeudi 23 f&eacute;vrier par<strong> Ebuteli<\/strong>, institut congolais de recherche sur la politique, la gouvernance et la violence, le <strong>Groupe d&rsquo;&eacute;tude sur le Congo (GEC)<\/strong>, du Centre pour la coop&eacute;ration internationale (CIC) de l&rsquo;Universit&eacute; de New-York et le Bureau d&rsquo;&eacute;tudes, de recherche, et de consulting international (Berci). <strong>Soixante-neuf pour cent des Congolais interrog&eacute;s ne pensent pas que la force r&eacute;gionale conduira &agrave; l&rsquo;&eacute;radication totale des groupes arm&eacute;s,<\/strong> selon notre sondage r&eacute;alis&eacute; en janvier 2023.&nbsp;<\/p>\n\n\n\n<p class=\"is-core-paragraph-block has-space-small-mb\" style=\"margin-top:0px;margin-bottom:30px;padding-top:0px;padding-bottom:0px\">&laquo; <em>Les autorit&eacute;s congolaises et celles de l&rsquo;EAC devraient &ecirc;tre attentives &agrave; ces signaux.Ils montrent que, avant m&ecirc;me son d&eacute;ploiement complet, la force de l&rsquo;EAC fait d&eacute;j&agrave; l&rsquo;objet d&rsquo;un rejet en RDC et que celui-ci ne se limite pas aux seuls manifestants. Le jugement &agrave; son &eacute;gard est encore plus s&eacute;v&egrave;re dans les provinces concern&eacute;es par son d&eacute;ploiement. Si elle n&rsquo;&eacute;tait pas en mesure d&rsquo;atteindre des r&eacute;sultats encourageants rapidement, cette force courrait le risque de voir ses relations avec les civils se d&eacute;grader encore plus vite, ce qui rendrait beaucoup plus difficile la suite de son d&eacute;ploiement. Cela pourrait &eacute;galement affecter l&rsquo;image de l&rsquo;EAC elle-m&ecirc;me en RDC, dernier pays &agrave; avoir rejoint cet ensemble r&eacute;gional en 2022<\/em> &raquo;, assure <em>Pierre Boisselet, directeur des recherches sur la violence de l&rsquo;Institut Ebuteli.<\/em><\/p>\n\n\n\n<p class=\"is-core-paragraph-block has-space-small-mb\" style=\"margin-top:0px;margin-bottom:30px;padding-top:0px;padding-bottom:0px\">Le rejet touche &eacute;galement la Mission de l&rsquo;ONU en RDC. <strong>Soixante-sept pour cent des Congolais sond&eacute;s estiment que la Monusco doit partir<\/strong>, alors qu&rsquo;ils n&rsquo;&eacute;taient que 29 % en 2016.<\/p>\n\n\n\n<p class=\"is-core-paragraph-block has-space-small-mb\" style=\"margin-top:0px;margin-bottom:30px;padding-top:0px;padding-bottom:0px\"><strong>La Russie semble b&eacute;n&eacute;ficier de l&rsquo;&eacute;chec per&ccedil;u de la Communaut&eacute; internationale dans le r&egrave;glement de la crise du M23.<\/strong> Ce pays est d&eacute;sormais celui qui recueille, de loin, le plus de soutien (61 % des Congolais interrog&eacute;s ont une &laquo; <em>bonne<\/em> &raquo; ou &laquo; t<em>r&egrave;s bonne &raquo;<\/em> opinion de ce pays).<\/p>\n\n\n\n<p class=\"is-core-paragraph-block has-space-small-mb\" style=\"margin-top:0px;margin-bottom:30px;padding-top:0px;padding-bottom:0px\">Par ailleurs, en mati&egrave;re de s&eacute;curit&eacute;, le jugement des Congolais est l&eacute;g&egrave;rement moins hostile aux mesures d&rsquo;ordre national, comme l&rsquo;&eacute;tat de si&egrave;ge, m&ecirc;me si cette mesure est de plus en plus consid&eacute;r&eacute;e comme inefficace. Soixante-quatre pour cent des Congolais interrog&eacute;s jugent que cette mesure ne conduira pas &agrave; l&rsquo;&eacute;radication totale des groupes arm&eacute;s (contre 54 % en ao&ucirc;t 2022). Seuls 29 % des Congolais sond&eacute;s estiment que la situation s&eacute;curitaire s&rsquo;est globalement am&eacute;lior&eacute;e depuis son instauration.<\/p>\n\n\n\n<p class=\"is-core-paragraph-block has-space-small-mb\" style=\"margin-top:0px;margin-bottom:30px;padding-top:0px;padding-bottom:0px\">Cliquer <a href=\"https:\/\/www.congoresearchgroup.org\/wp-content\/uploads\/2023\/02\/sondage-note-thematique-ebuteli-ebuteli-force-regionale.docx-1.pdf\" target=\"_blank\" rel=\"noreferrer noopener\"><strong>ici<\/strong> <\/a>pour retrouver l&rsquo;int&eacute;gralit&eacute; de la note th&eacute;matique.<\/p>\n\n","protected":false},"excerpt":{"rendered":"<p>La force r&eacute;gionale de la Communaut&eacute; d&rsquo;Afrique de l&rsquo;Est (EAC) conna&icirc;t depuis plusieurs semaines une pression de la soci&eacute;t&eacute; civile en R&eacute;publique d&eacute;mocratique du Congo (RDC), qui la juge inefficace&#8230;.<\/p>\n","protected":false},"author":10,"featured_media":14075,"comment_status":"closed","ping_status":"closed","sticky":false,"template":"","format":"standard","meta":{"om_disable_all_campaigns":false,"_monsterinsights_skip_tracking":false,"_monsterinsights_sitenote_active":false,"_monsterinsights_sitenote_note":"","_monsterinsights_sitenote_category":0,"_uf_show_specific_survey":0,"_uf_disable_surveys":false,"footnotes":""},"categories":[348],"tags":[186,57,314,73,305],"acf":[],"aioseo_notices":[],"_links":{"self":[{"href":"https:\/\/www.congoresearchgroup.org\/fr\/wp-json\/wp\/v2\/posts\/14061"}],"collection":[{"href":"https:\/\/www.congoresearchgroup.org\/fr\/wp-json\/wp\/v2\/posts"}],"about":[{"href":"https:\/\/www.congoresearchgroup.org\/fr\/wp-json\/wp\/v2\/types\/post"}],"author":[{"embeddable":true,"href":"https:\/\/www.congoresearchgroup.org\/fr\/wp-json\/wp\/v2\/users\/10"}],"replies":[{"embeddable":true,"href":"https:\/\/www.congoresearchgroup.org\/fr\/wp-json\/wp\/v2\/comments?post=14061"}],"version-history":[{"count":0,"href":"https:\/\/www.congoresearchgroup.org\/fr\/wp-json\/wp\/v2\/posts\/14061\/revisions"}],"wp:featuredmedia":[{"embeddable":true,"href":"https:\/\/www.congoresearchgroup.org\/fr\/wp-json\/wp\/v2\/media\/14075"}],"wp:attachment":[{"href":"https:\/\/www.congoresearchgroup.org\/fr\/wp-json\/wp\/v2\/media?parent=14061"}],"wp:term":[{"taxonomy":"category","embeddable":true,"href":"https:\/\/www.congoresearchgroup.org\/fr\/wp-json\/wp\/v2\/categories?post=14061"},{"taxonomy":"post_tag","embeddable":true,"href":"https:\/\/www.congoresearchgroup.org\/fr\/wp-json\/wp\/v2\/tags?post=14061"}],"curies":[{"name":"wp","href":"https:\/\/api.w.org\/{rel}","templated":true}]}}